{"id":7937,"date":"2019-08-13T08:40:44","date_gmt":"2019-08-13T06:40:44","guid":{"rendered":"https:\/\/www.vsxdesign.com\/blog\/?p=7937"},"modified":"2022-08-25T17:04:10","modified_gmt":"2022-08-25T15:04:10","slug":"i-fondatori-di-instagram-dicono-che-vendere-a-facebook-non-ha-ridotto-la-concorrenza-tra-i-social-network","status":"publish","type":"post","link":"https:\/\/www.vsxdesign.com\/blog\/internet\/social\/i-fondatori-di-instagram-dicono-che-vendere-a-facebook-non-ha-ridotto-la-concorrenza-tra-i-social-network\/","title":{"rendered":"I fondatori di Instagram dicono che vendere a Facebook non ha ridotto la concorrenza tra i social network"},"content":{"rendered":"<p class=\"c-entry-summary p-dek\">I due imprenditori hanno lasciato Facebook bruscamente quasi un anno fa, ma non sono desiderosi di criticare la compagnia, la vendita di Instagram a Facebook forse non \u00e8 stata una cattiva idea.<\/p>\n<h2 id=\"v5Guil\">La vendita di Instagram a Facebook pare non abbia ridotto la concorrenza<\/h2>\n<p id=\"83WADN\">I cofondatori di Instagram <a href=\"https:\/\/it.wikipedia.org\/wiki\/Kevin_Systrom\" target=\"_blank\" rel=\"noopener noreferrer\">Kevin Systrom<\/a> e <a href=\"https:\/\/en.wikipedia.org\/wiki\/Mike_Krieger\" target=\"_blank\" rel=\"noopener noreferrer\">Mike Krieger<\/a> hanno venduto la loro azienda a Facebook, hanno lavorato l\u00ec per anni, poi lasciato improvvisamente a settembre 2018 tra le preoccupazioni riportate sulla loro autonomia e la direzione futura del social network di condivisione di foto.<\/p>\n<p>Inoltre, l&#8217;amministratore delegato di <a href=\"https:\/\/www.vsxdesign.com\/blog\/internet\/social\/abbiamo-la-prova-che-mark-zuckerberg-ceo-di-facebook-non-vuole-privacy\/\" target=\"_blank\" rel=\"noopener noreferrer\">Facebook Mark Zuckerberg<\/a> la scorsa settimana ha annunciato un <a href=\"https:\/\/www.vsxdesign.com\/blog\/internet\/social\/facebook-perde-15-milioni-di-utenti-negli-stati-uniti-dal-2017\/\">nuovo cambiamento incentrato sulla privacy<\/a> per la societ\u00e0 che vedrebbe i suoi diversi prodotti di messaggistica combinati per formare un servizio unificato.<\/p>\n<figure id=\"attachment_4670\" aria-describedby=\"caption-attachment-4670\" style=\"width: 751px\" class=\"wp-caption alignnone\"><img data-recalc-dims=\"1\" loading=\"lazy\" decoding=\"async\" class=\"wp-image-4670\" title=\"Mike Krieger and Kevin Systrom, fondatori di Instagram\" src=\"https:\/\/i0.wp.com\/www.vsxdesign.com\/blog\/wp-content\/uploads\/2018\/10\/InstagramfoundersMikeKriegerandKevinSystromSep2018590360-580x358.jpg?resize=751%2C463&#038;ssl=1\" alt=\"Mike Krieger and Kevin Systrom\" width=\"751\" height=\"463\" srcset=\"https:\/\/i0.wp.com\/www.vsxdesign.com\/blog\/wp-content\/uploads\/2018\/10\/InstagramfoundersMikeKriegerandKevinSystromSep2018590360-580x358.jpg?resize=300%2C185&amp;ssl=1 300w, https:\/\/i0.wp.com\/www.vsxdesign.com\/blog\/wp-content\/uploads\/2018\/10\/InstagramfoundersMikeKriegerandKevinSystromSep2018590360-580x358.jpg?resize=580%2C358&amp;ssl=1 580w\" sizes=\"auto, (max-width: 751px) 100vw, 751px\" \/><figcaption id=\"caption-attachment-4670\" class=\"wp-caption-text\">Mike Krieger and Kevin Systrom, fondatori di Instagram<\/figcaption><\/figure>\n<p>N\u00e9 Systrom n\u00e9 Krieger sono ansiosi di criticare apertamente il loro ex datore di lavoro; Systrom ha detto che una perdita di autonomia era un naturale sottoprodotto della crescita di Instagram.<\/p>\n<p>Entrambi hanno parlato della necessit\u00e0 di &#8220;limitare&#8221; le societ\u00e0 tecnologiche e, in particolare, se la vendita a Facebook ha danneggiato in ultima analisi sia la concorrenza che gli utenti. In effetti, l&#8217;acquisizione ha aiutato solo gli utenti lasciando che Instagram si espandesse velocemente come ha fatto.<\/p>\n<blockquote><p>SYSTROM NON PENSA CHE LA VENDITA DI INSTAGRAM A FACEBOOK FINISCA PER DANNEGGIARE I CONSUMATORI<\/p><\/blockquote>\n<p id=\"Mf7dMq\">La competizione interna tra <a href=\"https:\/\/www.vsxdesign.com\/blog\/internet\/social\/facebook-vuole-essere-come-wechat\/\">Facebook, Instagram e WhatsApp<\/a> ha portato a idee migliori.<\/p>\n<blockquote><p>&#8220;Quale consumatore \u00e8 stato danneggiato perch\u00e9 Instagram \u00e8 cresciuto nelle dimensioni che ha ora? Penso che la dimensione di Instagram sia un vantaggio forte e che l&#8217;acquisizione abbia aiutato gli utenti. &#8220;<\/p><\/blockquote>\n<p id=\"3EVvCy\">Systrom si \u00e8 affrettato a sottolineare che non \u00e8 un esperto in antitrust. E, per essere onesti, non \u00e8 difficile sostenere che la crescita vertiginosa di Instagram sotto la propriet\u00e0 di Facebook potrebbe aver impedito l&#8217;accesso ad app di condivisione di foto concorrenti.<\/p>\n<p>Ma Systrom dice che, pi\u00f9 in generale, \u00e8 scettico sul fatto che le &#8220;sparate&#8221; per rompere le societ\u00e0 tecnologiche siano vere soluzioni e non solo vuote promesse per capitalizzare sul crescente movimento anti-tech che vede fare a Washington.<\/p>\n<blockquote><p>&#8220;ESSERE GRANDI DI PER S\u00c9 NON \u00c8 UN CRIMINE&#8221;.<\/p><\/blockquote>\n<p id=\"L3h2CR\">ha detto. &#8220;La mia paura \u00e8 che una proposta di spezzettare tutta la tecnologia stia giocando a favore dell&#8217;attuale sensazione di anti-tech di tutti, piuttosto che fare ci\u00f2 che i politici dovrebbero fare, che \u00e8 affrontare i problemi reali con soluzioni reali.<\/p>\n<p id=\"I6MqSz\">Allo stesso modo, Krieger pensa che ci sia una mancanza di sfumature nella discussione sulla regolamentazione delle piattaforme tecnologiche e sul rallentamento delle acquisizioni. I responsabili delle politiche devono chiarire quali sono i problemi e cosa possiamo ottenere attraverso la regolamentazione.<\/p>\n<blockquote><p>&#8220;Amazon che vende prodotti come un supermercatoe \u00e8 molto diverso da Facebook che possiede Instagram&#8221;.<\/p><\/blockquote>\n<p id=\"47zntt\">Non \u00e8 chiaro cosa stiano facendo Systrom e Krieger adesso. Entrambi stanno apparentemente per ora esplorando alcune potenziali nuove idee.<\/p>\n<p>Ma ci\u00f2 che \u00e8 chiaro \u00e8 che i fondatori di Instagram sono forse meno scontenti del percorso che la loro azienda ha intrapreso rispetto alle loro improvvise partenze.<\/p>\n<blockquote><p>&#8220;Penso che per Instagram arrivare cos\u00ec in alto sia stata una cosa incredibile per il mondo e una cosa incredibile per gli utenti&#8221;<\/p><\/blockquote>\n<p>ha concluso Systrom.<\/p>\n","protected":false},"excerpt":{"rendered":"<p>I due imprenditori hanno lasciato Facebook bruscamente quasi un anno fa, ma non sono desiderosi di criticare la compagnia, la vendita di Instagram a Facebook forse non \u00e8 stata una cattiva idea. La vendita di Instagram a Facebook pare non abbia ridotto la concorrenza I cofondatori di Instagram Kevin Systrom e Mike Krieger hanno venduto&#8230;<\/p>\n","protected":false},"author":1,"featured_media":13563,"comment_status":"open","ping_status":"open","sticky":false,"template":"","format":"standard","meta":{"sfsi_plus_gutenberg_text_before_share":"","sfsi_plus_gutenberg_show_text_before_share":"","sfsi_plus_gutenberg_icon_type":"","sfsi_plus_gutenberg_icon_alignemt":"","sfsi_plus_gutenburg_max_per_row":"","jetpack_post_was_ever_published":false,"_jetpack_newsletter_access":"","_jetpack_dont_email_post_to_subs":false,"_jetpack_newsletter_tier_id":0,"_jetpack_memberships_contains_paywalled_content":false,"_jetpack_memberships_contains_paid_content":false,"footnotes":"","jetpack_publicize_message":"I fondatori di Instagram dicono che vendere a Facebook non ha ridotto la concorrenza tra i social network #instagramefacebook #facebookhacompratoinstagram #instagramproprietadifacebook #concorrenzaperinstagram","jetpack_publicize_feature_enabled":true,"jetpack_social_post_already_shared":true,"jetpack_social_options":{"image_generator_settings":{"template":"highway","default_image_id":0,"font":"","enabled":false},"version":2}},"categories":[10],"tags":[82],"class_list":["post-7937","post","type-post","status-publish","format-standard","has-post-thumbnail","hentry","category-social","tag-facebook"],"yoast_head":"<!-- This site is optimized with the Yoast SEO plugin v27.5 - https:\/\/yoast.com\/product\/yoast-seo-wordpress\/ -->\n<title>Per i fondatori di Instagram la vendita a Facebook non ha ridotto la concorrenza<\/title>\n<meta name=\"description\" content=\"I due imprenditori hanno lasciato Facebook bruscamente a settembre, ma la vendita di Instagram a Facebook non ha ridotto la concorrenza\" \/>\n<meta name=\"robots\" content=\"index, follow, max-snippet:-1, max-image-preview:large, max-video-preview:-1\" \/>\n<link rel=\"canonical\" href=\"https:\/\/www.vsxdesign.com\/blog\/internet\/social\/i-fondatori-di-instagram-dicono-che-vendere-a-facebook-non-ha-ridotto-la-concorrenza-tra-i-social-network\/\" \/>\n<meta property=\"og:locale\" content=\"it_IT\" \/>\n<meta property=\"og:type\" content=\"article\" \/>\n<meta property=\"og:title\" content=\"Per i fondatori di Instagram la vendita a Facebook non ha ridotto la concorrenza\" \/>\n<meta property=\"og:description\" content=\"I due imprenditori hanno lasciato Facebook bruscamente a settembre, ma la vendita di Instagram a Facebook non ha ridotto la concorrenza\" \/>\n<meta property=\"og:url\" content=\"https:\/\/www.vsxdesign.com\/blog\/internet\/social\/i-fondatori-di-instagram-dicono-che-vendere-a-facebook-non-ha-ridotto-la-concorrenza-tra-i-social-network\/\" \/>\n<meta property=\"og:site_name\" content=\"vsx blog\" \/>\n<meta property=\"article:publisher\" content=\"https:\/\/www.facebook.com\/vsxdesign\/\" \/>\n<meta property=\"article:published_time\" content=\"2019-08-13T06:40:44+00:00\" \/>\n<meta property=\"article:modified_time\" content=\"2022-08-25T15:04:10+00:00\" \/>\n<meta property=\"og:image\" content=\"https:\/\/www.vsxdesign.com\/blog\/wp-content\/uploads\/2019\/08\/fondatori-di-Instagram.jpg\" \/>\n\t<meta property=\"og:image:width\" content=\"1476\" \/>\n\t<meta property=\"og:image:height\" content=\"873\" \/>\n\t<meta property=\"og:image:type\" content=\"image\/jpeg\" \/>\n<meta name=\"author\" content=\"valerio sanna\" \/>\n<meta name=\"twitter:card\" content=\"summary_large_image\" \/>\n<meta name=\"twitter:creator\" content=\"@vsxdesign\" \/>\n<meta name=\"twitter:site\" content=\"@vsxdesign\" \/>\n<meta name=\"twitter:label1\" content=\"Scritto da\" \/>\n\t<meta name=\"twitter:data1\" content=\"valerio sanna\" \/>\n\t<meta name=\"twitter:label2\" content=\"Tempo di lettura stimato\" \/>\n\t<meta name=\"twitter:data2\" content=\"4 minuti\" \/>\n<script type=\"application\/ld+json\" class=\"yoast-schema-graph\">{\"@context\":\"https:\\\/\\\/schema.org\",\"@graph\":[{\"@type\":\"Article\",\"@id\":\"https:\\\/\\\/www.vsxdesign.com\\\/blog\\\/internet\\\/social\\\/i-fondatori-di-instagram-dicono-che-vendere-a-facebook-non-ha-ridotto-la-concorrenza-tra-i-social-network\\\/#article\",\"isPartOf\":{\"@id\":\"https:\\\/\\\/www.vsxdesign.com\\\/blog\\\/internet\\\/social\\\/i-fondatori-di-instagram-dicono-che-vendere-a-facebook-non-ha-ridotto-la-concorrenza-tra-i-social-network\\\/\"},\"author\":{\"name\":\"valerio sanna\",\"@id\":\"https:\\\/\\\/www.vsxdesign.com\\\/blog\\\/#\\\/schema\\\/person\\\/09283cb51d9fb4611174ef2ae909f14d\"},\"headline\":\"I fondatori di Instagram dicono che vendere a Facebook non ha ridotto la concorrenza tra i social network\",\"datePublished\":\"2019-08-13T06:40:44+00:00\",\"dateModified\":\"2022-08-25T15:04:10+00:00\",\"mainEntityOfPage\":{\"@id\":\"https:\\\/\\\/www.vsxdesign.com\\\/blog\\\/internet\\\/social\\\/i-fondatori-di-instagram-dicono-che-vendere-a-facebook-non-ha-ridotto-la-concorrenza-tra-i-social-network\\\/\"},\"wordCount\":540,\"commentCount\":0,\"publisher\":{\"@id\":\"https:\\\/\\\/www.vsxdesign.com\\\/blog\\\/#organization\"},\"image\":{\"@id\":\"https:\\\/\\\/www.vsxdesign.com\\\/blog\\\/internet\\\/social\\\/i-fondatori-di-instagram-dicono-che-vendere-a-facebook-non-ha-ridotto-la-concorrenza-tra-i-social-network\\\/#primaryimage\"},\"thumbnailUrl\":\"https:\\\/\\\/i0.wp.com\\\/www.vsxdesign.com\\\/blog\\\/wp-content\\\/uploads\\\/2019\\\/08\\\/fondatori-di-Instagram.jpg?fit=1476%2C873&ssl=1\",\"keywords\":[\"facebook\"],\"articleSection\":[\"Social\"],\"inLanguage\":\"it-IT\",\"potentialAction\":[{\"@type\":\"CommentAction\",\"name\":\"Comment\",\"target\":[\"https:\\\/\\\/www.vsxdesign.com\\\/blog\\\/internet\\\/social\\\/i-fondatori-di-instagram-dicono-che-vendere-a-facebook-non-ha-ridotto-la-concorrenza-tra-i-social-network\\\/#respond\"]}]},{\"@type\":\"WebPage\",\"@id\":\"https:\\\/\\\/www.vsxdesign.com\\\/blog\\\/internet\\\/social\\\/i-fondatori-di-instagram-dicono-che-vendere-a-facebook-non-ha-ridotto-la-concorrenza-tra-i-social-network\\\/\",\"url\":\"https:\\\/\\\/www.vsxdesign.com\\\/blog\\\/internet\\\/social\\\/i-fondatori-di-instagram-dicono-che-vendere-a-facebook-non-ha-ridotto-la-concorrenza-tra-i-social-network\\\/\",\"name\":\"Per i fondatori di Instagram la vendita a Facebook non ha ridotto la concorrenza\",\"isPartOf\":{\"@id\":\"https:\\\/\\\/www.vsxdesign.com\\\/blog\\\/#website\"},\"primaryImageOfPage\":{\"@id\":\"https:\\\/\\\/www.vsxdesign.com\\\/blog\\\/internet\\\/social\\\/i-fondatori-di-instagram-dicono-che-vendere-a-facebook-non-ha-ridotto-la-concorrenza-tra-i-social-network\\\/#primaryimage\"},\"image\":{\"@id\":\"https:\\\/\\\/www.vsxdesign.com\\\/blog\\\/internet\\\/social\\\/i-fondatori-di-instagram-dicono-che-vendere-a-facebook-non-ha-ridotto-la-concorrenza-tra-i-social-network\\\/#primaryimage\"},\"thumbnailUrl\":\"https:\\\/\\\/i0.wp.com\\\/www.vsxdesign.com\\\/blog\\\/wp-content\\\/uploads\\\/2019\\\/08\\\/fondatori-di-Instagram.jpg?fit=1476%2C873&ssl=1\",\"datePublished\":\"2019-08-13T06:40:44+00:00\",\"dateModified\":\"2022-08-25T15:04:10+00:00\",\"description\":\"I due imprenditori hanno lasciato Facebook bruscamente a settembre, ma la vendita di Instagram a Facebook non ha ridotto la concorrenza\",\"breadcrumb\":{\"@id\":\"https:\\\/\\\/www.vsxdesign.com\\\/blog\\\/internet\\\/social\\\/i-fondatori-di-instagram-dicono-che-vendere-a-facebook-non-ha-ridotto-la-concorrenza-tra-i-social-network\\\/#breadcrumb\"},\"inLanguage\":\"it-IT\",\"potentialAction\":[{\"@type\":\"ReadAction\",\"target\":[\"https:\\\/\\\/www.vsxdesign.com\\\/blog\\\/internet\\\/social\\\/i-fondatori-di-instagram-dicono-che-vendere-a-facebook-non-ha-ridotto-la-concorrenza-tra-i-social-network\\\/\"]}]},{\"@type\":\"ImageObject\",\"inLanguage\":\"it-IT\",\"@id\":\"https:\\\/\\\/www.vsxdesign.com\\\/blog\\\/internet\\\/social\\\/i-fondatori-di-instagram-dicono-che-vendere-a-facebook-non-ha-ridotto-la-concorrenza-tra-i-social-network\\\/#primaryimage\",\"url\":\"https:\\\/\\\/i0.wp.com\\\/www.vsxdesign.com\\\/blog\\\/wp-content\\\/uploads\\\/2019\\\/08\\\/fondatori-di-Instagram.jpg?fit=1476%2C873&ssl=1\",\"contentUrl\":\"https:\\\/\\\/i0.wp.com\\\/www.vsxdesign.com\\\/blog\\\/wp-content\\\/uploads\\\/2019\\\/08\\\/fondatori-di-Instagram.jpg?fit=1476%2C873&ssl=1\",\"width\":1476,\"height\":873,\"caption\":\"fondatori di Instagram\"},{\"@type\":\"BreadcrumbList\",\"@id\":\"https:\\\/\\\/www.vsxdesign.com\\\/blog\\\/internet\\\/social\\\/i-fondatori-di-instagram-dicono-che-vendere-a-facebook-non-ha-ridotto-la-concorrenza-tra-i-social-network\\\/#breadcrumb\",\"itemListElement\":[{\"@type\":\"ListItem\",\"position\":1,\"name\":\"Home\",\"item\":\"https:\\\/\\\/www.vsxdesign.com\\\/blog\\\/\"},{\"@type\":\"ListItem\",\"position\":2,\"name\":\"I fondatori di Instagram dicono che vendere a Facebook non ha ridotto la concorrenza tra i social network\"}]},{\"@type\":\"WebSite\",\"@id\":\"https:\\\/\\\/www.vsxdesign.com\\\/blog\\\/#website\",\"url\":\"https:\\\/\\\/www.vsxdesign.com\\\/blog\\\/\",\"name\":\"vsx blog\",\"description\":\"il mio punto di vista sul web, la tecnologia e l&#039;innovazione\",\"publisher\":{\"@id\":\"https:\\\/\\\/www.vsxdesign.com\\\/blog\\\/#organization\"},\"potentialAction\":[{\"@type\":\"SearchAction\",\"target\":{\"@type\":\"EntryPoint\",\"urlTemplate\":\"https:\\\/\\\/www.vsxdesign.com\\\/blog\\\/?s={search_term_string}\"},\"query-input\":{\"@type\":\"PropertyValueSpecification\",\"valueRequired\":true,\"valueName\":\"search_term_string\"}}],\"inLanguage\":\"it-IT\"},{\"@type\":\"Organization\",\"@id\":\"https:\\\/\\\/www.vsxdesign.com\\\/blog\\\/#organization\",\"name\":\"VSX design\",\"url\":\"https:\\\/\\\/www.vsxdesign.com\\\/blog\\\/\",\"logo\":{\"@type\":\"ImageObject\",\"inLanguage\":\"it-IT\",\"@id\":\"https:\\\/\\\/www.vsxdesign.com\\\/blog\\\/#\\\/schema\\\/logo\\\/image\\\/\",\"url\":\"https:\\\/\\\/www.vsxdesign.com\\\/blog\\\/wp-content\\\/uploads\\\/2019\\\/03\\\/VSX_logo_2017-1.png\",\"contentUrl\":\"https:\\\/\\\/www.vsxdesign.com\\\/blog\\\/wp-content\\\/uploads\\\/2019\\\/03\\\/VSX_logo_2017-1.png\",\"width\":346,\"height\":133,\"caption\":\"VSX design\"},\"image\":{\"@id\":\"https:\\\/\\\/www.vsxdesign.com\\\/blog\\\/#\\\/schema\\\/logo\\\/image\\\/\"},\"sameAs\":[\"https:\\\/\\\/www.facebook.com\\\/vsxdesign\\\/\",\"https:\\\/\\\/x.com\\\/vsxdesign\",\"https:\\\/\\\/www.instagram.com\\\/buonumorismo\\\/\",\"https:\\\/\\\/www.linkedin.com\\\/in\\\/valerio-sanna\",\"https:\\\/\\\/www.pinterest.it\\\/vsxblog\"]},{\"@type\":\"Person\",\"@id\":\"https:\\\/\\\/www.vsxdesign.com\\\/blog\\\/#\\\/schema\\\/person\\\/09283cb51d9fb4611174ef2ae909f14d\",\"name\":\"valerio sanna\",\"description\":\"Vsx Blog : il mio punto di vista sul mondo del web, dell'innovazione e della scienza.\",\"sameAs\":[\"http:\\\/\\\/www.vsxdesign.com\\\/blog\",\"https:\\\/\\\/x.com\\\/vsxdesign\"],\"url\":\"https:\\\/\\\/www.vsxdesign.com\\\/blog\\\/author\\\/valerio\\\/\"}]}<\/script>\n<!-- \/ Yoast SEO plugin. -->","yoast_head_json":{"title":"Per i fondatori di Instagram la vendita a Facebook non ha ridotto la concorrenza","description":"I due imprenditori hanno lasciato Facebook bruscamente a settembre, ma la vendita di Instagram a Facebook non ha ridotto la concorrenza","robots":{"index":"index","follow":"follow","max-snippet":"max-snippet:-1","max-image-preview":"max-image-preview:large","max-video-preview":"max-video-preview:-1"},"canonical":"https:\/\/www.vsxdesign.com\/blog\/internet\/social\/i-fondatori-di-instagram-dicono-che-vendere-a-facebook-non-ha-ridotto-la-concorrenza-tra-i-social-network\/","og_locale":"it_IT","og_type":"article","og_title":"Per i fondatori di Instagram la vendita a Facebook non ha ridotto la concorrenza","og_description":"I due imprenditori hanno lasciato Facebook bruscamente a settembre, ma la vendita di Instagram a Facebook non ha ridotto la concorrenza","og_url":"https:\/\/www.vsxdesign.com\/blog\/internet\/social\/i-fondatori-di-instagram-dicono-che-vendere-a-facebook-non-ha-ridotto-la-concorrenza-tra-i-social-network\/","og_site_name":"vsx blog","article_publisher":"https:\/\/www.facebook.com\/vsxdesign\/","article_published_time":"2019-08-13T06:40:44+00:00","article_modified_time":"2022-08-25T15:04:10+00:00","og_image":[{"width":1476,"height":873,"url":"https:\/\/www.vsxdesign.com\/blog\/wp-content\/uploads\/2019\/08\/fondatori-di-Instagram.jpg","type":"image\/jpeg"}],"author":"valerio sanna","twitter_card":"summary_large_image","twitter_creator":"@vsxdesign","twitter_site":"@vsxdesign","twitter_misc":{"Scritto da":"valerio sanna","Tempo di lettura stimato":"4 minuti"},"schema":{"@context":"https:\/\/schema.org","@graph":[{"@type":"Article","@id":"https:\/\/www.vsxdesign.com\/blog\/internet\/social\/i-fondatori-di-instagram-dicono-che-vendere-a-facebook-non-ha-ridotto-la-concorrenza-tra-i-social-network\/#article","isPartOf":{"@id":"https:\/\/www.vsxdesign.com\/blog\/internet\/social\/i-fondatori-di-instagram-dicono-che-vendere-a-facebook-non-ha-ridotto-la-concorrenza-tra-i-social-network\/"},"author":{"name":"valerio sanna","@id":"https:\/\/www.vsxdesign.com\/blog\/#\/schema\/person\/09283cb51d9fb4611174ef2ae909f14d"},"headline":"I fondatori di Instagram dicono che vendere a Facebook non ha ridotto la concorrenza tra i social network","datePublished":"2019-08-13T06:40:44+00:00","dateModified":"2022-08-25T15:04:10+00:00","mainEntityOfPage":{"@id":"https:\/\/www.vsxdesign.com\/blog\/internet\/social\/i-fondatori-di-instagram-dicono-che-vendere-a-facebook-non-ha-ridotto-la-concorrenza-tra-i-social-network\/"},"wordCount":540,"commentCount":0,"publisher":{"@id":"https:\/\/www.vsxdesign.com\/blog\/#organization"},"image":{"@id":"https:\/\/www.vsxdesign.com\/blog\/internet\/social\/i-fondatori-di-instagram-dicono-che-vendere-a-facebook-non-ha-ridotto-la-concorrenza-tra-i-social-network\/#primaryimage"},"thumbnailUrl":"https:\/\/i0.wp.com\/www.vsxdesign.com\/blog\/wp-content\/uploads\/2019\/08\/fondatori-di-Instagram.jpg?fit=1476%2C873&ssl=1","keywords":["facebook"],"articleSection":["Social"],"inLanguage":"it-IT","potentialAction":[{"@type":"CommentAction","name":"Comment","target":["https:\/\/www.vsxdesign.com\/blog\/internet\/social\/i-fondatori-di-instagram-dicono-che-vendere-a-facebook-non-ha-ridotto-la-concorrenza-tra-i-social-network\/#respond"]}]},{"@type":"WebPage","@id":"https:\/\/www.vsxdesign.com\/blog\/internet\/social\/i-fondatori-di-instagram-dicono-che-vendere-a-facebook-non-ha-ridotto-la-concorrenza-tra-i-social-network\/","url":"https:\/\/www.vsxdesign.com\/blog\/internet\/social\/i-fondatori-di-instagram-dicono-che-vendere-a-facebook-non-ha-ridotto-la-concorrenza-tra-i-social-network\/","name":"Per i fondatori di Instagram la vendita a Facebook non ha ridotto la concorrenza","isPartOf":{"@id":"https:\/\/www.vsxdesign.com\/blog\/#website"},"primaryImageOfPage":{"@id":"https:\/\/www.vsxdesign.com\/blog\/internet\/social\/i-fondatori-di-instagram-dicono-che-vendere-a-facebook-non-ha-ridotto-la-concorrenza-tra-i-social-network\/#primaryimage"},"image":{"@id":"https:\/\/www.vsxdesign.com\/blog\/internet\/social\/i-fondatori-di-instagram-dicono-che-vendere-a-facebook-non-ha-ridotto-la-concorrenza-tra-i-social-network\/#primaryimage"},"thumbnailUrl":"https:\/\/i0.wp.com\/www.vsxdesign.com\/blog\/wp-content\/uploads\/2019\/08\/fondatori-di-Instagram.jpg?fit=1476%2C873&ssl=1","datePublished":"2019-08-13T06:40:44+00:00","dateModified":"2022-08-25T15:04:10+00:00","description":"I due imprenditori hanno lasciato Facebook bruscamente a settembre, ma la vendita di Instagram a Facebook non ha ridotto la concorrenza","breadcrumb":{"@id":"https:\/\/www.vsxdesign.com\/blog\/internet\/social\/i-fondatori-di-instagram-dicono-che-vendere-a-facebook-non-ha-ridotto-la-concorrenza-tra-i-social-network\/#breadcrumb"},"inLanguage":"it-IT","potentialAction":[{"@type":"ReadAction","target":["https:\/\/www.vsxdesign.com\/blog\/internet\/social\/i-fondatori-di-instagram-dicono-che-vendere-a-facebook-non-ha-ridotto-la-concorrenza-tra-i-social-network\/"]}]},{"@type":"ImageObject","inLanguage":"it-IT","@id":"https:\/\/www.vsxdesign.com\/blog\/internet\/social\/i-fondatori-di-instagram-dicono-che-vendere-a-facebook-non-ha-ridotto-la-concorrenza-tra-i-social-network\/#primaryimage","url":"https:\/\/i0.wp.com\/www.vsxdesign.com\/blog\/wp-content\/uploads\/2019\/08\/fondatori-di-Instagram.jpg?fit=1476%2C873&ssl=1","contentUrl":"https:\/\/i0.wp.com\/www.vsxdesign.com\/blog\/wp-content\/uploads\/2019\/08\/fondatori-di-Instagram.jpg?fit=1476%2C873&ssl=1","width":1476,"height":873,"caption":"fondatori di Instagram"},{"@type":"BreadcrumbList","@id":"https:\/\/www.vsxdesign.com\/blog\/internet\/social\/i-fondatori-di-instagram-dicono-che-vendere-a-facebook-non-ha-ridotto-la-concorrenza-tra-i-social-network\/#breadcrumb","itemListElement":[{"@type":"ListItem","position":1,"name":"Home","item":"https:\/\/www.vsxdesign.com\/blog\/"},{"@type":"ListItem","position":2,"name":"I fondatori di Instagram dicono che vendere a Facebook non ha ridotto la concorrenza tra i social network"}]},{"@type":"WebSite","@id":"https:\/\/www.vsxdesign.com\/blog\/#website","url":"https:\/\/www.vsxdesign.com\/blog\/","name":"vsx blog","description":"il mio punto di vista sul web, la tecnologia e l&#039;innovazione","publisher":{"@id":"https:\/\/www.vsxdesign.com\/blog\/#organization"},"potentialAction":[{"@type":"SearchAction","target":{"@type":"EntryPoint","urlTemplate":"https:\/\/www.vsxdesign.com\/blog\/?s={search_term_string}"},"query-input":{"@type":"PropertyValueSpecification","valueRequired":true,"valueName":"search_term_string"}}],"inLanguage":"it-IT"},{"@type":"Organization","@id":"https:\/\/www.vsxdesign.com\/blog\/#organization","name":"VSX design","url":"https:\/\/www.vsxdesign.com\/blog\/","logo":{"@type":"ImageObject","inLanguage":"it-IT","@id":"https:\/\/www.vsxdesign.com\/blog\/#\/schema\/logo\/image\/","url":"https:\/\/www.vsxdesign.com\/blog\/wp-content\/uploads\/2019\/03\/VSX_logo_2017-1.png","contentUrl":"https:\/\/www.vsxdesign.com\/blog\/wp-content\/uploads\/2019\/03\/VSX_logo_2017-1.png","width":346,"height":133,"caption":"VSX design"},"image":{"@id":"https:\/\/www.vsxdesign.com\/blog\/#\/schema\/logo\/image\/"},"sameAs":["https:\/\/www.facebook.com\/vsxdesign\/","https:\/\/x.com\/vsxdesign","https:\/\/www.instagram.com\/buonumorismo\/","https:\/\/www.linkedin.com\/in\/valerio-sanna","https:\/\/www.pinterest.it\/vsxblog"]},{"@type":"Person","@id":"https:\/\/www.vsxdesign.com\/blog\/#\/schema\/person\/09283cb51d9fb4611174ef2ae909f14d","name":"valerio sanna","description":"Vsx Blog : il mio punto di vista sul mondo del web, dell'innovazione e della scienza.","sameAs":["http:\/\/www.vsxdesign.com\/blog","https:\/\/x.com\/vsxdesign"],"url":"https:\/\/www.vsxdesign.com\/blog\/author\/valerio\/"}]}},"jetpack_publicize_connections":[],"jetpack_featured_media_url":"https:\/\/i0.wp.com\/www.vsxdesign.com\/blog\/wp-content\/uploads\/2019\/08\/fondatori-di-Instagram.jpg?fit=1476%2C873&ssl=1","jetpack_sharing_enabled":true,"_links":{"self":[{"href":"https:\/\/www.vsxdesign.com\/blog\/wp-json\/wp\/v2\/posts\/7937","targetHints":{"allow":["GET"]}}],"collection":[{"href":"https:\/\/www.vsxdesign.com\/blog\/wp-json\/wp\/v2\/posts"}],"about":[{"href":"https:\/\/www.vsxdesign.com\/blog\/wp-json\/wp\/v2\/types\/post"}],"author":[{"embeddable":true,"href":"https:\/\/www.vsxdesign.com\/blog\/wp-json\/wp\/v2\/users\/1"}],"replies":[{"embeddable":true,"href":"https:\/\/www.vsxdesign.com\/blog\/wp-json\/wp\/v2\/comments?post=7937"}],"version-history":[{"count":5,"href":"https:\/\/www.vsxdesign.com\/blog\/wp-json\/wp\/v2\/posts\/7937\/revisions"}],"predecessor-version":[{"id":13564,"href":"https:\/\/www.vsxdesign.com\/blog\/wp-json\/wp\/v2\/posts\/7937\/revisions\/13564"}],"wp:featuredmedia":[{"embeddable":true,"href":"https:\/\/www.vsxdesign.com\/blog\/wp-json\/wp\/v2\/media\/13563"}],"wp:attachment":[{"href":"https:\/\/www.vsxdesign.com\/blog\/wp-json\/wp\/v2\/media?parent=7937"}],"wp:term":[{"taxonomy":"category","embeddable":true,"href":"https:\/\/www.vsxdesign.com\/blog\/wp-json\/wp\/v2\/categories?post=7937"},{"taxonomy":"post_tag","embeddable":true,"href":"https:\/\/www.vsxdesign.com\/blog\/wp-json\/wp\/v2\/tags?post=7937"}],"curies":[{"name":"wp","href":"https:\/\/api.w.org\/{rel}","templated":true}]}}