{"id":11891,"date":"2021-06-03T08:07:00","date_gmt":"2021-06-03T06:07:00","guid":{"rendered":"https:\/\/www.vsxdesign.com\/blog\/?p=11891"},"modified":"2021-06-01T17:28:58","modified_gmt":"2021-06-01T15:28:58","slug":"la-persona-piu-ricca-del-mondo","status":"publish","type":"post","link":"https:\/\/www.vsxdesign.com\/blog\/economia\/commercio-e-ricchezza\/la-persona-piu-ricca-del-mondo\/","title":{"rendered":"La persona pi\u00f9 ricca del mondo \u00e8 Bernard Arnault"},"content":{"rendered":"\n<p>La persona pi\u00f9 ricca del mondo \u00e8 <strong>Bernard Arnault<\/strong> , imprenditore francese, dominatore indiscusso della moda nel mondo.<\/p>\n\n\n\n<p>Lo \u00e8 diventato pochi giorni fa, infatti la lotta conto il suo rivale <a href=\"https:\/\/www.vsxdesign.com\/blog\/economia\/commercio-e-ricchezza\/la-ex-moglie-di-jeff-bezos-mackenzie-sta-per-diventare-ricchissima\/\">Jeff Bezos<\/a> \u00e8 molto ravvicinata. Con un patrimonio netto stimato di $ 186,3 miliardi, Arnault supera il patron di Amazon per &#8220;soli&#8221; $ 300 milioni. Mentre il povero <a href=\"https:\/\/www.vsxdesign.com\/blog\/economia\/industria-e-innovazione\/elon-musk-svela-i-piani-di-neuralink-per-i-collegamenti-al-cervello-umano\/\">Elon Musk <\/a>segue al terzo posto, consolandosi con i suoi $ 147,3 miliardi.<\/p>\n\n\n\n<p>La fortuna di Arnault \u00e8 passata da <strong>76 miliardi di dollari a marzo 2020<\/strong> a 186,3 miliardi di dollari di fine maggio 2021, un enorme aumento di oltre 110 miliardi di dollari negli ultimi 14 mesi, grazie a una performance anti-pandemia del suo gruppo di lusso <strong>LVMH<\/strong> (Louis Vuitton Mo\u00ebt Hennessy).<\/p>\n\n\n\n<p>LVMH, che possiede anche nomi noti come <strong>Fendi, Christian Dior e Givenchy<\/strong>, \u00e8 aumentato dello 0,4% durante le prime ore di negoziazione di luned\u00ec 24 maggio, portando la sua capitalizzazione di mercato a $ 320 miliardi e spingendo la quota personale di Arnault di oltre $ 600 milioni.<\/p>\n\n\n\n<p>La persona pi\u00f9 ricca del mondo \u00e8 gi\u00e0 cambiata diverse volte in questo 2021 e anche il creatore di <a href=\"https:\/\/www.vsxdesign.com\/blog\/economia\/industria-e-innovazione\/tesla-progetta-una-batteria-a-lunga-durata-superera-il-milione-di-miglia\/\">Tesla <\/a>\u00e8 stato al comando seppur per poco tempo.<\/p>\n\n\n\n<p>LVMH e Arnault rappresentano la notevole ascesa delle case di lusso e di moda europee durante il lockdown.<\/p>\n\n\n\n<p>Spinta dallo &#8220;slancio&#8221; degli <strong>acquirenti in Cina<\/strong>, secondo l&#8217;analista di <a href=\"https:\/\/www.jefferies.com\/\" target=\"_blank\" rel=\"noreferrer noopener\">Jefferies<\/a> Flavio Cereda, LVMH ha registrato un <strong>fatturato di 17 miliardi di dollari<\/strong> per il primo trimestre del 2021, in crescita del 32% rispetto allo stesso periodo del 2020.<\/p>\n\n\n\n<blockquote class=\"wp-block-quote is-layout-flow wp-block-quote-is-layout-flow\"><p>Piove sempre su bagnato vero?<\/p><\/blockquote>\n\n\n\n<p><\/p>\n","protected":false},"excerpt":{"rendered":"<p>La persona pi\u00f9 ricca del mondo \u00e8 Bernard Arnault , imprenditore francese, dominatore indiscusso della moda nel mondo. Lo \u00e8 diventato pochi giorni fa, infatti la lotta conto il suo rivale Jeff Bezos \u00e8 molto ravvicinata. Con un patrimonio netto stimato di $ 186,3 miliardi, Arnault supera il patron di Amazon per &#8220;soli&#8221; $ 300&#8230;<\/p>\n","protected":false},"author":1,"featured_media":11893,"comment_status":"open","ping_status":"open","sticky":false,"template":"","format":"standard","meta":{"sfsi_plus_gutenberg_text_before_share":"","sfsi_plus_gutenberg_show_text_before_share":"","sfsi_plus_gutenberg_icon_type":"","sfsi_plus_gutenberg_icon_alignemt":"","sfsi_plus_gutenburg_max_per_row":"","jetpack_post_was_ever_published":false,"_jetpack_newsletter_access":"","_jetpack_dont_email_post_to_subs":false,"_jetpack_newsletter_tier_id":0,"_jetpack_memberships_contains_paywalled_content":false,"_jetpack_memberships_contains_paid_content":false,"footnotes":"","jetpack_publicize_message":"La persona pi\u00f9 ricca del mondo \u00e8 Bernard Arnault #uomopi\u00f9ricco #personapiuricca #miliardaridelmondo #personapiuriccadelmondo #uomopuriccodelmondo #bernardarnault","jetpack_publicize_feature_enabled":true,"jetpack_social_post_already_shared":true,"jetpack_social_options":{"image_generator_settings":{"template":"highway","default_image_id":0,"font":"","enabled":false},"version":2}},"categories":[30],"tags":[],"class_list":["post-11891","post","type-post","status-publish","format-standard","has-post-thumbnail","hentry","category-commercio-e-ricchezza"],"yoast_head":"<!-- This site is optimized with the Yoast SEO plugin v27.5 - https:\/\/yoast.com\/product\/yoast-seo-wordpress\/ -->\n<title>La persona pi\u00f9 ricca del mondo \u00e8 Bernard Arnault - vsx blog<\/title>\n<meta name=\"description\" content=\"La persona pi\u00f9 ricca del mondo \u00e8 Bernard Arnault , imprenditore francese, dominatore indiscusso della moda nel mondo.\" \/>\n<meta name=\"robots\" content=\"index, follow, max-snippet:-1, max-image-preview:large, max-video-preview:-1\" \/>\n<link rel=\"canonical\" href=\"https:\/\/www.vsxdesign.com\/blog\/economia\/commercio-e-ricchezza\/la-persona-piu-ricca-del-mondo\/\" \/>\n<meta property=\"og:locale\" content=\"it_IT\" \/>\n<meta property=\"og:type\" content=\"article\" \/>\n<meta property=\"og:title\" content=\"La persona pi\u00f9 ricca del mondo \u00e8 Bernard Arnault - vsx blog\" \/>\n<meta property=\"og:description\" content=\"La persona pi\u00f9 ricca del mondo \u00e8 Bernard Arnault , imprenditore francese, dominatore indiscusso della moda nel mondo.\" \/>\n<meta property=\"og:url\" content=\"https:\/\/www.vsxdesign.com\/blog\/economia\/commercio-e-ricchezza\/la-persona-piu-ricca-del-mondo\/\" \/>\n<meta property=\"og:site_name\" content=\"vsx blog\" \/>\n<meta property=\"article:publisher\" content=\"https:\/\/www.facebook.com\/vsxdesign\/\" \/>\n<meta property=\"article:published_time\" content=\"2021-06-03T06:07:00+00:00\" \/>\n<meta property=\"og:image\" content=\"https:\/\/www.vsxdesign.com\/blog\/wp-content\/uploads\/2021\/06\/La-persona-piu-ricca-del-mondo.jpg\" \/>\n\t<meta property=\"og:image:width\" content=\"1910\" \/>\n\t<meta property=\"og:image:height\" content=\"1000\" \/>\n\t<meta property=\"og:image:type\" content=\"image\/jpeg\" \/>\n<meta name=\"author\" content=\"valerio sanna\" \/>\n<meta name=\"twitter:card\" content=\"summary_large_image\" \/>\n<meta name=\"twitter:creator\" content=\"@vsxdesign\" \/>\n<meta name=\"twitter:site\" content=\"@vsxdesign\" \/>\n<meta name=\"twitter:label1\" content=\"Scritto da\" \/>\n\t<meta name=\"twitter:data1\" content=\"valerio sanna\" \/>\n\t<meta name=\"twitter:label2\" content=\"Tempo di lettura stimato\" \/>\n\t<meta name=\"twitter:data2\" content=\"2 minuti\" \/>\n<script type=\"application\/ld+json\" class=\"yoast-schema-graph\">{\"@context\":\"https:\\\/\\\/schema.org\",\"@graph\":[{\"@type\":\"Article\",\"@id\":\"https:\\\/\\\/www.vsxdesign.com\\\/blog\\\/economia\\\/commercio-e-ricchezza\\\/la-persona-piu-ricca-del-mondo\\\/#article\",\"isPartOf\":{\"@id\":\"https:\\\/\\\/www.vsxdesign.com\\\/blog\\\/economia\\\/commercio-e-ricchezza\\\/la-persona-piu-ricca-del-mondo\\\/\"},\"author\":{\"name\":\"valerio sanna\",\"@id\":\"https:\\\/\\\/www.vsxdesign.com\\\/blog\\\/#\\\/schema\\\/person\\\/09283cb51d9fb4611174ef2ae909f14d\"},\"headline\":\"La persona pi\u00f9 ricca del mondo \u00e8 Bernard Arnault\",\"datePublished\":\"2021-06-03T06:07:00+00:00\",\"mainEntityOfPage\":{\"@id\":\"https:\\\/\\\/www.vsxdesign.com\\\/blog\\\/economia\\\/commercio-e-ricchezza\\\/la-persona-piu-ricca-del-mondo\\\/\"},\"wordCount\":239,\"commentCount\":0,\"publisher\":{\"@id\":\"https:\\\/\\\/www.vsxdesign.com\\\/blog\\\/#organization\"},\"image\":{\"@id\":\"https:\\\/\\\/www.vsxdesign.com\\\/blog\\\/economia\\\/commercio-e-ricchezza\\\/la-persona-piu-ricca-del-mondo\\\/#primaryimage\"},\"thumbnailUrl\":\"https:\\\/\\\/i0.wp.com\\\/www.vsxdesign.com\\\/blog\\\/wp-content\\\/uploads\\\/2021\\\/06\\\/La-persona-piu-ricca-del-mondo.jpg?fit=1910%2C1000&ssl=1\",\"articleSection\":[\"Commercio e Ricchezza\"],\"inLanguage\":\"it-IT\",\"potentialAction\":[{\"@type\":\"CommentAction\",\"name\":\"Comment\",\"target\":[\"https:\\\/\\\/www.vsxdesign.com\\\/blog\\\/economia\\\/commercio-e-ricchezza\\\/la-persona-piu-ricca-del-mondo\\\/#respond\"]}]},{\"@type\":\"WebPage\",\"@id\":\"https:\\\/\\\/www.vsxdesign.com\\\/blog\\\/economia\\\/commercio-e-ricchezza\\\/la-persona-piu-ricca-del-mondo\\\/\",\"url\":\"https:\\\/\\\/www.vsxdesign.com\\\/blog\\\/economia\\\/commercio-e-ricchezza\\\/la-persona-piu-ricca-del-mondo\\\/\",\"name\":\"La persona pi\u00f9 ricca del mondo \u00e8 Bernard Arnault - vsx blog\",\"isPartOf\":{\"@id\":\"https:\\\/\\\/www.vsxdesign.com\\\/blog\\\/#website\"},\"primaryImageOfPage\":{\"@id\":\"https:\\\/\\\/www.vsxdesign.com\\\/blog\\\/economia\\\/commercio-e-ricchezza\\\/la-persona-piu-ricca-del-mondo\\\/#primaryimage\"},\"image\":{\"@id\":\"https:\\\/\\\/www.vsxdesign.com\\\/blog\\\/economia\\\/commercio-e-ricchezza\\\/la-persona-piu-ricca-del-mondo\\\/#primaryimage\"},\"thumbnailUrl\":\"https:\\\/\\\/i0.wp.com\\\/www.vsxdesign.com\\\/blog\\\/wp-content\\\/uploads\\\/2021\\\/06\\\/La-persona-piu-ricca-del-mondo.jpg?fit=1910%2C1000&ssl=1\",\"datePublished\":\"2021-06-03T06:07:00+00:00\",\"description\":\"La persona pi\u00f9 ricca del mondo \u00e8 Bernard Arnault , imprenditore francese, dominatore indiscusso della moda nel mondo.\",\"breadcrumb\":{\"@id\":\"https:\\\/\\\/www.vsxdesign.com\\\/blog\\\/economia\\\/commercio-e-ricchezza\\\/la-persona-piu-ricca-del-mondo\\\/#breadcrumb\"},\"inLanguage\":\"it-IT\",\"potentialAction\":[{\"@type\":\"ReadAction\",\"target\":[\"https:\\\/\\\/www.vsxdesign.com\\\/blog\\\/economia\\\/commercio-e-ricchezza\\\/la-persona-piu-ricca-del-mondo\\\/\"]}]},{\"@type\":\"ImageObject\",\"inLanguage\":\"it-IT\",\"@id\":\"https:\\\/\\\/www.vsxdesign.com\\\/blog\\\/economia\\\/commercio-e-ricchezza\\\/la-persona-piu-ricca-del-mondo\\\/#primaryimage\",\"url\":\"https:\\\/\\\/i0.wp.com\\\/www.vsxdesign.com\\\/blog\\\/wp-content\\\/uploads\\\/2021\\\/06\\\/La-persona-piu-ricca-del-mondo.jpg?fit=1910%2C1000&ssl=1\",\"contentUrl\":\"https:\\\/\\\/i0.wp.com\\\/www.vsxdesign.com\\\/blog\\\/wp-content\\\/uploads\\\/2021\\\/06\\\/La-persona-piu-ricca-del-mondo.jpg?fit=1910%2C1000&ssl=1\",\"width\":1910,\"height\":1000,\"caption\":\"La persona pi\u00f9 ricca del mondo\"},{\"@type\":\"BreadcrumbList\",\"@id\":\"https:\\\/\\\/www.vsxdesign.com\\\/blog\\\/economia\\\/commercio-e-ricchezza\\\/la-persona-piu-ricca-del-mondo\\\/#breadcrumb\",\"itemListElement\":[{\"@type\":\"ListItem\",\"position\":1,\"name\":\"Home\",\"item\":\"https:\\\/\\\/www.vsxdesign.com\\\/blog\\\/\"},{\"@type\":\"ListItem\",\"position\":2,\"name\":\"La persona pi\u00f9 ricca del mondo \u00e8 Bernard Arnault\"}]},{\"@type\":\"WebSite\",\"@id\":\"https:\\\/\\\/www.vsxdesign.com\\\/blog\\\/#website\",\"url\":\"https:\\\/\\\/www.vsxdesign.com\\\/blog\\\/\",\"name\":\"vsx blog\",\"description\":\"il mio punto di vista sul web, la tecnologia e l&#039;innovazione\",\"publisher\":{\"@id\":\"https:\\\/\\\/www.vsxdesign.com\\\/blog\\\/#organization\"},\"potentialAction\":[{\"@type\":\"SearchAction\",\"target\":{\"@type\":\"EntryPoint\",\"urlTemplate\":\"https:\\\/\\\/www.vsxdesign.com\\\/blog\\\/?s={search_term_string}\"},\"query-input\":{\"@type\":\"PropertyValueSpecification\",\"valueRequired\":true,\"valueName\":\"search_term_string\"}}],\"inLanguage\":\"it-IT\"},{\"@type\":\"Organization\",\"@id\":\"https:\\\/\\\/www.vsxdesign.com\\\/blog\\\/#organization\",\"name\":\"VSX design\",\"url\":\"https:\\\/\\\/www.vsxdesign.com\\\/blog\\\/\",\"logo\":{\"@type\":\"ImageObject\",\"inLanguage\":\"it-IT\",\"@id\":\"https:\\\/\\\/www.vsxdesign.com\\\/blog\\\/#\\\/schema\\\/logo\\\/image\\\/\",\"url\":\"https:\\\/\\\/www.vsxdesign.com\\\/blog\\\/wp-content\\\/uploads\\\/2019\\\/03\\\/VSX_logo_2017-1.png\",\"contentUrl\":\"https:\\\/\\\/www.vsxdesign.com\\\/blog\\\/wp-content\\\/uploads\\\/2019\\\/03\\\/VSX_logo_2017-1.png\",\"width\":346,\"height\":133,\"caption\":\"VSX design\"},\"image\":{\"@id\":\"https:\\\/\\\/www.vsxdesign.com\\\/blog\\\/#\\\/schema\\\/logo\\\/image\\\/\"},\"sameAs\":[\"https:\\\/\\\/www.facebook.com\\\/vsxdesign\\\/\",\"https:\\\/\\\/x.com\\\/vsxdesign\",\"https:\\\/\\\/www.instagram.com\\\/buonumorismo\\\/\",\"https:\\\/\\\/www.linkedin.com\\\/in\\\/valerio-sanna\",\"https:\\\/\\\/www.pinterest.it\\\/vsxblog\"]},{\"@type\":\"Person\",\"@id\":\"https:\\\/\\\/www.vsxdesign.com\\\/blog\\\/#\\\/schema\\\/person\\\/09283cb51d9fb4611174ef2ae909f14d\",\"name\":\"valerio sanna\",\"description\":\"Vsx Blog : il mio punto di vista sul mondo del web, dell'innovazione e della scienza.\",\"sameAs\":[\"http:\\\/\\\/www.vsxdesign.com\\\/blog\",\"https:\\\/\\\/x.com\\\/vsxdesign\"],\"url\":\"https:\\\/\\\/www.vsxdesign.com\\\/blog\\\/author\\\/valerio\\\/\"}]}<\/script>\n<!-- \/ Yoast SEO plugin. -->","yoast_head_json":{"title":"La persona pi\u00f9 ricca del mondo \u00e8 Bernard Arnault - vsx blog","description":"La persona pi\u00f9 ricca del mondo \u00e8 Bernard Arnault , imprenditore francese, dominatore indiscusso della moda nel mondo.","robots":{"index":"index","follow":"follow","max-snippet":"max-snippet:-1","max-image-preview":"max-image-preview:large","max-video-preview":"max-video-preview:-1"},"canonical":"https:\/\/www.vsxdesign.com\/blog\/economia\/commercio-e-ricchezza\/la-persona-piu-ricca-del-mondo\/","og_locale":"it_IT","og_type":"article","og_title":"La persona pi\u00f9 ricca del mondo \u00e8 Bernard Arnault - vsx blog","og_description":"La persona pi\u00f9 ricca del mondo \u00e8 Bernard Arnault , imprenditore francese, dominatore indiscusso della moda nel mondo.","og_url":"https:\/\/www.vsxdesign.com\/blog\/economia\/commercio-e-ricchezza\/la-persona-piu-ricca-del-mondo\/","og_site_name":"vsx blog","article_publisher":"https:\/\/www.facebook.com\/vsxdesign\/","article_published_time":"2021-06-03T06:07:00+00:00","og_image":[{"width":1910,"height":1000,"url":"https:\/\/www.vsxdesign.com\/blog\/wp-content\/uploads\/2021\/06\/La-persona-piu-ricca-del-mondo.jpg","type":"image\/jpeg"}],"author":"valerio sanna","twitter_card":"summary_large_image","twitter_creator":"@vsxdesign","twitter_site":"@vsxdesign","twitter_misc":{"Scritto da":"valerio sanna","Tempo di lettura stimato":"2 minuti"},"schema":{"@context":"https:\/\/schema.org","@graph":[{"@type":"Article","@id":"https:\/\/www.vsxdesign.com\/blog\/economia\/commercio-e-ricchezza\/la-persona-piu-ricca-del-mondo\/#article","isPartOf":{"@id":"https:\/\/www.vsxdesign.com\/blog\/economia\/commercio-e-ricchezza\/la-persona-piu-ricca-del-mondo\/"},"author":{"name":"valerio sanna","@id":"https:\/\/www.vsxdesign.com\/blog\/#\/schema\/person\/09283cb51d9fb4611174ef2ae909f14d"},"headline":"La persona pi\u00f9 ricca del mondo \u00e8 Bernard Arnault","datePublished":"2021-06-03T06:07:00+00:00","mainEntityOfPage":{"@id":"https:\/\/www.vsxdesign.com\/blog\/economia\/commercio-e-ricchezza\/la-persona-piu-ricca-del-mondo\/"},"wordCount":239,"commentCount":0,"publisher":{"@id":"https:\/\/www.vsxdesign.com\/blog\/#organization"},"image":{"@id":"https:\/\/www.vsxdesign.com\/blog\/economia\/commercio-e-ricchezza\/la-persona-piu-ricca-del-mondo\/#primaryimage"},"thumbnailUrl":"https:\/\/i0.wp.com\/www.vsxdesign.com\/blog\/wp-content\/uploads\/2021\/06\/La-persona-piu-ricca-del-mondo.jpg?fit=1910%2C1000&ssl=1","articleSection":["Commercio e Ricchezza"],"inLanguage":"it-IT","potentialAction":[{"@type":"CommentAction","name":"Comment","target":["https:\/\/www.vsxdesign.com\/blog\/economia\/commercio-e-ricchezza\/la-persona-piu-ricca-del-mondo\/#respond"]}]},{"@type":"WebPage","@id":"https:\/\/www.vsxdesign.com\/blog\/economia\/commercio-e-ricchezza\/la-persona-piu-ricca-del-mondo\/","url":"https:\/\/www.vsxdesign.com\/blog\/economia\/commercio-e-ricchezza\/la-persona-piu-ricca-del-mondo\/","name":"La persona pi\u00f9 ricca del mondo \u00e8 Bernard Arnault - vsx blog","isPartOf":{"@id":"https:\/\/www.vsxdesign.com\/blog\/#website"},"primaryImageOfPage":{"@id":"https:\/\/www.vsxdesign.com\/blog\/economia\/commercio-e-ricchezza\/la-persona-piu-ricca-del-mondo\/#primaryimage"},"image":{"@id":"https:\/\/www.vsxdesign.com\/blog\/economia\/commercio-e-ricchezza\/la-persona-piu-ricca-del-mondo\/#primaryimage"},"thumbnailUrl":"https:\/\/i0.wp.com\/www.vsxdesign.com\/blog\/wp-content\/uploads\/2021\/06\/La-persona-piu-ricca-del-mondo.jpg?fit=1910%2C1000&ssl=1","datePublished":"2021-06-03T06:07:00+00:00","description":"La persona pi\u00f9 ricca del mondo \u00e8 Bernard Arnault , imprenditore francese, dominatore indiscusso della moda nel mondo.","breadcrumb":{"@id":"https:\/\/www.vsxdesign.com\/blog\/economia\/commercio-e-ricchezza\/la-persona-piu-ricca-del-mondo\/#breadcrumb"},"inLanguage":"it-IT","potentialAction":[{"@type":"ReadAction","target":["https:\/\/www.vsxdesign.com\/blog\/economia\/commercio-e-ricchezza\/la-persona-piu-ricca-del-mondo\/"]}]},{"@type":"ImageObject","inLanguage":"it-IT","@id":"https:\/\/www.vsxdesign.com\/blog\/economia\/commercio-e-ricchezza\/la-persona-piu-ricca-del-mondo\/#primaryimage","url":"https:\/\/i0.wp.com\/www.vsxdesign.com\/blog\/wp-content\/uploads\/2021\/06\/La-persona-piu-ricca-del-mondo.jpg?fit=1910%2C1000&ssl=1","contentUrl":"https:\/\/i0.wp.com\/www.vsxdesign.com\/blog\/wp-content\/uploads\/2021\/06\/La-persona-piu-ricca-del-mondo.jpg?fit=1910%2C1000&ssl=1","width":1910,"height":1000,"caption":"La persona pi\u00f9 ricca del mondo"},{"@type":"BreadcrumbList","@id":"https:\/\/www.vsxdesign.com\/blog\/economia\/commercio-e-ricchezza\/la-persona-piu-ricca-del-mondo\/#breadcrumb","itemListElement":[{"@type":"ListItem","position":1,"name":"Home","item":"https:\/\/www.vsxdesign.com\/blog\/"},{"@type":"ListItem","position":2,"name":"La persona pi\u00f9 ricca del mondo \u00e8 Bernard Arnault"}]},{"@type":"WebSite","@id":"https:\/\/www.vsxdesign.com\/blog\/#website","url":"https:\/\/www.vsxdesign.com\/blog\/","name":"vsx blog","description":"il mio punto di vista sul web, la tecnologia e l&#039;innovazione","publisher":{"@id":"https:\/\/www.vsxdesign.com\/blog\/#organization"},"potentialAction":[{"@type":"SearchAction","target":{"@type":"EntryPoint","urlTemplate":"https:\/\/www.vsxdesign.com\/blog\/?s={search_term_string}"},"query-input":{"@type":"PropertyValueSpecification","valueRequired":true,"valueName":"search_term_string"}}],"inLanguage":"it-IT"},{"@type":"Organization","@id":"https:\/\/www.vsxdesign.com\/blog\/#organization","name":"VSX design","url":"https:\/\/www.vsxdesign.com\/blog\/","logo":{"@type":"ImageObject","inLanguage":"it-IT","@id":"https:\/\/www.vsxdesign.com\/blog\/#\/schema\/logo\/image\/","url":"https:\/\/www.vsxdesign.com\/blog\/wp-content\/uploads\/2019\/03\/VSX_logo_2017-1.png","contentUrl":"https:\/\/www.vsxdesign.com\/blog\/wp-content\/uploads\/2019\/03\/VSX_logo_2017-1.png","width":346,"height":133,"caption":"VSX design"},"image":{"@id":"https:\/\/www.vsxdesign.com\/blog\/#\/schema\/logo\/image\/"},"sameAs":["https:\/\/www.facebook.com\/vsxdesign\/","https:\/\/x.com\/vsxdesign","https:\/\/www.instagram.com\/buonumorismo\/","https:\/\/www.linkedin.com\/in\/valerio-sanna","https:\/\/www.pinterest.it\/vsxblog"]},{"@type":"Person","@id":"https:\/\/www.vsxdesign.com\/blog\/#\/schema\/person\/09283cb51d9fb4611174ef2ae909f14d","name":"valerio sanna","description":"Vsx Blog : il mio punto di vista sul mondo del web, dell'innovazione e della scienza.","sameAs":["http:\/\/www.vsxdesign.com\/blog","https:\/\/x.com\/vsxdesign"],"url":"https:\/\/www.vsxdesign.com\/blog\/author\/valerio\/"}]}},"jetpack_publicize_connections":[],"jetpack_featured_media_url":"https:\/\/i0.wp.com\/www.vsxdesign.com\/blog\/wp-content\/uploads\/2021\/06\/La-persona-piu-ricca-del-mondo.jpg?fit=1910%2C1000&ssl=1","jetpack_sharing_enabled":true,"_links":{"self":[{"href":"https:\/\/www.vsxdesign.com\/blog\/wp-json\/wp\/v2\/posts\/11891","targetHints":{"allow":["GET"]}}],"collection":[{"href":"https:\/\/www.vsxdesign.com\/blog\/wp-json\/wp\/v2\/posts"}],"about":[{"href":"https:\/\/www.vsxdesign.com\/blog\/wp-json\/wp\/v2\/types\/post"}],"author":[{"embeddable":true,"href":"https:\/\/www.vsxdesign.com\/blog\/wp-json\/wp\/v2\/users\/1"}],"replies":[{"embeddable":true,"href":"https:\/\/www.vsxdesign.com\/blog\/wp-json\/wp\/v2\/comments?post=11891"}],"version-history":[{"count":2,"href":"https:\/\/www.vsxdesign.com\/blog\/wp-json\/wp\/v2\/posts\/11891\/revisions"}],"predecessor-version":[{"id":11895,"href":"https:\/\/www.vsxdesign.com\/blog\/wp-json\/wp\/v2\/posts\/11891\/revisions\/11895"}],"wp:featuredmedia":[{"embeddable":true,"href":"https:\/\/www.vsxdesign.com\/blog\/wp-json\/wp\/v2\/media\/11893"}],"wp:attachment":[{"href":"https:\/\/www.vsxdesign.com\/blog\/wp-json\/wp\/v2\/media?parent=11891"}],"wp:term":[{"taxonomy":"category","embeddable":true,"href":"https:\/\/www.vsxdesign.com\/blog\/wp-json\/wp\/v2\/categories?post=11891"},{"taxonomy":"post_tag","embeddable":true,"href":"https:\/\/www.vsxdesign.com\/blog\/wp-json\/wp\/v2\/tags?post=11891"}],"curies":[{"name":"wp","href":"https:\/\/api.w.org\/{rel}","templated":true}]}}